{"id":775,"date":"2022-03-14T21:04:59","date_gmt":"2022-03-14T20:04:59","guid":{"rendered":"http:\/\/palaestra.ecn.cz\/?p=775"},"modified":"2022-03-14T21:04:59","modified_gmt":"2022-03-14T20:04:59","slug":"soutez-ve-stredoceske-oblasti-24-10-2021","status":"publish","type":"post","link":"https:\/\/palaestra.ecn.cz\/?p=775","title":{"rendered":"Sout\u011b\u017e ve st\u0159edo\u010desk\u00e9 oblasti 24.10.2021"},"content":{"rendered":"<p>Dne 24.10.2021 op\u011bt prob\u011bhla sout\u011b\u017e ve st\u0159edo\u010desk\u00e9 oblasti kde za n\u00e1\u0161 odd\u00edl startoval Marek Kov\u00e1\u010d .<\/p>\n<p><strong>Marek Kov\u00e1\u010d &#8211; Kuki Vojt\u011bch<\/strong> v\u00e1ha 46 kg \u0161koln\u00ed ml\u00e1de\u017e. <strong>Prohra rsc 1kolo<\/strong><\/p>\n<p>Marek tento z\u00e1pas nezvl\u00e1dl. P\u0159ed samotn\u00fdm utk\u00e1n\u00edm se dostal do tak velk\u00e9 nepohody, \u017ee jsem myslel na to, \u017ee bude lep\u0161\u00ed do tohoto z\u00e1pasu rad\u011bji v\u016fbec nenastupovat. Nakonec m\u011b rodi\u010de i samotn\u00fd Marek p\u0159esv\u011bd\u010dili a do z\u00e1pasu jsme nastoupili . Bohu\u017eel jsem m\u011bl pravdu. Marek tento z\u00e1pas v\u016fbec nezvl\u00e1dl a hned v za\u010d\u00e1tku z\u00e1pasu se nechal soupe\u0159em zahnat do rohu a tam se nechal rozhod\u010d\u00edm odpo\u010d\u00edtat. Zbyte\u010dn\u00e1 prohra zavin\u011bn\u00e1 p\u0159\u00edli\u0161n\u00fdm strachem. Prohr\u00e1li jsme pr\u00e1vem.<\/p>\n<p>&nbsp;<\/p>\n","protected":false},"excerpt":{"rendered":"<p>Dne 24.10.2021 op\u011bt prob\u011bhla sout\u011b\u017e ve st\u0159edo\u010desk\u00e9 oblasti kde za n\u00e1\u0161 odd\u00edl startoval Marek Kov\u00e1\u010d . Marek Kov\u00e1\u010d &#8211; Kuki Vojt\u011bch v\u00e1ha 46 kg \u0161koln\u00ed ml\u00e1de\u017e. Prohra rsc 1kolo Marek tento z\u00e1pas nezvl\u00e1dl. P\u0159ed samotn\u00fdm utk\u00e1n\u00edm se dostal do tak velk\u00e9 nepohody, \u017ee jsem myslel na to, \u017ee bude lep\u0161\u00ed do tohoto z\u00e1pasu rad\u011bji v\u016fbec [&hellip;]<\/p>\n","protected":false},"author":1,"featured_media":0,"comment_status":"closed","ping_status":"closed","sticky":false,"template":"","format":"standard","meta":{"footnotes":""},"categories":[20,3],"tags":[],"_links":{"self":[{"href":"https:\/\/palaestra.ecn.cz\/index.php?rest_route=\/wp\/v2\/posts\/775"}],"collection":[{"href":"https:\/\/palaestra.ecn.cz\/index.php?rest_route=\/wp\/v2\/posts"}],"about":[{"href":"https:\/\/palaestra.ecn.cz\/index.php?rest_route=\/wp\/v2\/types\/post"}],"author":[{"embeddable":true,"href":"https:\/\/palaestra.ecn.cz\/index.php?rest_route=\/wp\/v2\/users\/1"}],"replies":[{"embeddable":true,"href":"https:\/\/palaestra.ecn.cz\/index.php?rest_route=%2Fwp%2Fv2%2Fcomments&post=775"}],"version-history":[{"count":2,"href":"https:\/\/palaestra.ecn.cz\/index.php?rest_route=\/wp\/v2\/posts\/775\/revisions"}],"predecessor-version":[{"id":777,"href":"https:\/\/palaestra.ecn.cz\/index.php?rest_route=\/wp\/v2\/posts\/775\/revisions\/777"}],"wp:attachment":[{"href":"https:\/\/palaestra.ecn.cz\/index.php?rest_route=%2Fwp%2Fv2%2Fmedia&parent=775"}],"wp:term":[{"taxonomy":"category","embeddable":true,"href":"https:\/\/palaestra.ecn.cz\/index.php?rest_route=%2Fwp%2Fv2%2Fcategories&post=775"},{"taxonomy":"post_tag","embeddable":true,"href":"https:\/\/palaestra.ecn.cz\/index.php?rest_route=%2Fwp%2Fv2%2Ftags&post=775"}],"curies":[{"name":"wp","href":"https:\/\/api.w.org\/{rel}","templated":true}]}}