{"id":769,"date":"2021-09-30T07:54:49","date_gmt":"2021-09-30T06:54:49","guid":{"rendered":"http:\/\/palaestra.ecn.cz\/?p=769"},"modified":"2021-09-30T07:54:49","modified_gmt":"2021-09-30T06:54:49","slug":"mistrovstvi-republiky-junioru-trebon-24-26-9-2021","status":"publish","type":"post","link":"https:\/\/palaestra.ecn.cz\/?p=769","title":{"rendered":"Mistrovstv\u00ed republiky junior\u016f, T\u0159ebo\u0148, 24.-26.9.2021"},"content":{"rendered":"<p><strong>Startovali:<\/strong><br \/>\nMarcel Misar, 60 kg<\/p>\n<p><strong>Tren\u00e9\u0159i:<\/strong>\u00a0Jan Balog<\/p>\n<p><strong>Vy\u0159azovac\u00ed boje:<\/strong><\/p>\n<p>Postoupili jsme bez boje.<\/p>\n<p><strong>Semifin\u00e1le:<\/strong><\/p>\n<p><strong>Marcel Mis\u00e1r<\/strong>\u00a0\u2013 Patrik Halt, BC Krom\u011b\u0159\u00ed\u017e<br \/>\nVelmi t\u011b\u017ek\u00e1 t\u0159i kola, kter\u00e1 bohu\u017eel nep\u0159inesla o\u010dek\u00e1v\u00e1nou v\u00fdhru. Marcel sice bojoval jako lev, ale bez taktiky a bez toho, aby poslouchal moje rady. Soupe\u0159 ten den byl o n\u011bco siln\u011bj\u0161\u00ed a nutno i \u0159\u00edci v\u00edce kondi\u010dn\u011b p\u0159ipraven\u00fd. P\u0159esto, \u017ee jsme boxovali l\u00e9pe, Marcel ode\u0161el kondi\u010dn\u011b ve t\u0159et\u00edm kole a to rozhodlo. Je pot\u0159eba za\u010d\u00edt v\u00edc b\u011bhat a v\u00edc posilovat. Prohra byla na m\u00edst\u011b.<\/p>\n<p>Z tohoto turnaje si odv\u00e1\u017e\u00edme bronzovou medaili a to je tak\u00e9 \u00fasp\u011bch. P\u0159\u00ed\u0161t\u011b to bude snad lep\u0161\u00ed.<\/p>\n<p>&nbsp;<\/p>\n","protected":false},"excerpt":{"rendered":"<p>Startovali: Marcel Misar, 60 kg Tren\u00e9\u0159i:\u00a0Jan Balog Vy\u0159azovac\u00ed boje: Postoupili jsme bez boje. Semifin\u00e1le: Marcel Mis\u00e1r\u00a0\u2013 Patrik Halt, BC Krom\u011b\u0159\u00ed\u017e Velmi t\u011b\u017ek\u00e1 t\u0159i kola, kter\u00e1 bohu\u017eel nep\u0159inesla o\u010dek\u00e1v\u00e1nou v\u00fdhru. Marcel sice bojoval jako lev, ale bez taktiky a bez toho, aby poslouchal moje rady. Soupe\u0159 ten den byl o n\u011bco siln\u011bj\u0161\u00ed a nutno i \u0159\u00edci [&hellip;]<\/p>\n","protected":false},"author":1,"featured_media":0,"comment_status":"closed","ping_status":"closed","sticky":false,"template":"","format":"standard","meta":{"footnotes":""},"categories":[20,3],"tags":[],"_links":{"self":[{"href":"https:\/\/palaestra.ecn.cz\/index.php?rest_route=\/wp\/v2\/posts\/769"}],"collection":[{"href":"https:\/\/palaestra.ecn.cz\/index.php?rest_route=\/wp\/v2\/posts"}],"about":[{"href":"https:\/\/palaestra.ecn.cz\/index.php?rest_route=\/wp\/v2\/types\/post"}],"author":[{"embeddable":true,"href":"https:\/\/palaestra.ecn.cz\/index.php?rest_route=\/wp\/v2\/users\/1"}],"replies":[{"embeddable":true,"href":"https:\/\/palaestra.ecn.cz\/index.php?rest_route=%2Fwp%2Fv2%2Fcomments&post=769"}],"version-history":[{"count":1,"href":"https:\/\/palaestra.ecn.cz\/index.php?rest_route=\/wp\/v2\/posts\/769\/revisions"}],"predecessor-version":[{"id":770,"href":"https:\/\/palaestra.ecn.cz\/index.php?rest_route=\/wp\/v2\/posts\/769\/revisions\/770"}],"wp:attachment":[{"href":"https:\/\/palaestra.ecn.cz\/index.php?rest_route=%2Fwp%2Fv2%2Fmedia&parent=769"}],"wp:term":[{"taxonomy":"category","embeddable":true,"href":"https:\/\/palaestra.ecn.cz\/index.php?rest_route=%2Fwp%2Fv2%2Fcategories&post=769"},{"taxonomy":"post_tag","embeddable":true,"href":"https:\/\/palaestra.ecn.cz\/index.php?rest_route=%2Fwp%2Fv2%2Ftags&post=769"}],"curies":[{"name":"wp","href":"https:\/\/api.w.org\/{rel}","templated":true}]}}