{"id":764,"date":"2021-09-23T09:59:49","date_gmt":"2021-09-23T08:59:49","guid":{"rendered":"http:\/\/palaestra.ecn.cz\/?p=764"},"modified":"2021-09-30T07:55:42","modified_gmt":"2021-09-30T06:55:42","slug":"oblastni-kolo-juniorske-ligy-praha-18-9","status":"publish","type":"post","link":"https:\/\/palaestra.ecn.cz\/?p=764","title":{"rendered":"Oblastn\u00ed kolo juniorsk\u00e9 ligy, Praha, 18.9."},"content":{"rendered":"<p><strong>Startovali:<\/strong><br \/>\nMarek Kov\u00e1\u010d<br \/>\nMarcel Misar<\/p>\n<p><strong>Tren\u00e9\u0159i:<\/strong>\u00a0Jan Balog<\/p>\n<p><strong>Asistent tren\u00e9ra:<\/strong> Karel Miss\u00e1r<\/p>\n<p>Dne 18.9.2021 se po dlouh\u00e9 covidov\u00e9 pauze op\u011bt konala oblastn\u00ed sout\u011b\u017e juniorsk\u00e9 ligy\u00a0 na kter\u00e9 startovali na\u0161i borci a to Marek Kov\u00e1\u010d a Marcel Mis\u00e1r.<\/p>\n<p>&nbsp;<\/p>\n<p><strong>Marek Kov\u00e1\u010d\u00a0<\/strong>\u2013 Hauer P. BC \u017di\u017ekov, 44 kg,\u00a0<strong>NB v\u00fdhra<\/strong><br \/>\nMarek, boxoval sv\u016fj prvn\u00ed z\u00e1pas a nutno \u0159\u00edci, \u017ee se mu opravdu povedl. Boxoval o skoro o dva roky star\u0161\u00edm soupe\u0159em a p\u0159esto nebylo o jeho v\u00fdh\u0159e pochyb. Kr\u00e1sn\u00e9 3 kola, kde jsme jasn\u011b dominovali . Pochvala za nasazen\u00ed a chu\u0165 vyhr\u00e1t. tak\u00e9 chv\u00e1lim pr\u00e1ci na nohou a dob\u0159e pou\u017e\u00edvan\u00fd zadn\u00ed direkt. Vyhr\u00e1li jsme pr\u00e1vem.<\/p>\n<p>&nbsp;<\/p>\n<p><strong>Marcel Misar<\/strong>\u00a0\u2013 Otta Tom\u00e1\u0161, BC Kutil Gym, 60 kg,\u00a0<strong>NB prohra<\/strong><br \/>\nP\u0159\u00edli\u0161 nerv\u016f a zbyte\u010dn\u00e9ho vzruchu. Marcel boxoval s velmi siln\u00fdm a zku\u0161en\u00fdm borcem. Zde je nutno \u0159\u00edci, \u017ee Marcel poslouchal jen jedno kolo. Ostatn\u00ed kola byl mimo moje na\u0159\u00edzen\u00ed a rady. No a to je hlavn\u011b d\u016fvod pro\u010d jsme prohr\u00e1li. Ur\u010dit\u011b se tento borec dal porazit ale cht\u011blo to v\u00edce pokory a discipl\u00edny. Prohra byla na m\u00edst\u011b.<\/p>\n<p><strong>Z\u00e1v\u011br:<\/strong><br \/>\nV\u0161em d\u011bkuji za vzornou reprezentaci na\u0161eho odd\u00edlu.<\/p>\n<p>&nbsp;<\/p>\n","protected":false},"excerpt":{"rendered":"<p>Startovali: Marek Kov\u00e1\u010d Marcel Misar Tren\u00e9\u0159i:\u00a0Jan Balog Asistent tren\u00e9ra: Karel Miss\u00e1r Dne 18.9.2021 se po dlouh\u00e9 covidov\u00e9 pauze op\u011bt konala oblastn\u00ed sout\u011b\u017e juniorsk\u00e9 ligy\u00a0 na kter\u00e9 startovali na\u0161i borci a to Marek Kov\u00e1\u010d a Marcel Mis\u00e1r. &nbsp; Marek Kov\u00e1\u010d\u00a0\u2013 Hauer P. BC \u017di\u017ekov, 44 kg,\u00a0NB v\u00fdhra Marek, boxoval sv\u016fj prvn\u00ed z\u00e1pas a nutno \u0159\u00edci, \u017ee [&hellip;]<\/p>\n","protected":false},"author":1,"featured_media":0,"comment_status":"closed","ping_status":"closed","sticky":false,"template":"","format":"standard","meta":{"footnotes":""},"categories":[20,3],"tags":[],"_links":{"self":[{"href":"https:\/\/palaestra.ecn.cz\/index.php?rest_route=\/wp\/v2\/posts\/764"}],"collection":[{"href":"https:\/\/palaestra.ecn.cz\/index.php?rest_route=\/wp\/v2\/posts"}],"about":[{"href":"https:\/\/palaestra.ecn.cz\/index.php?rest_route=\/wp\/v2\/types\/post"}],"author":[{"embeddable":true,"href":"https:\/\/palaestra.ecn.cz\/index.php?rest_route=\/wp\/v2\/users\/1"}],"replies":[{"embeddable":true,"href":"https:\/\/palaestra.ecn.cz\/index.php?rest_route=%2Fwp%2Fv2%2Fcomments&post=764"}],"version-history":[{"count":1,"href":"https:\/\/palaestra.ecn.cz\/index.php?rest_route=\/wp\/v2\/posts\/764\/revisions"}],"predecessor-version":[{"id":765,"href":"https:\/\/palaestra.ecn.cz\/index.php?rest_route=\/wp\/v2\/posts\/764\/revisions\/765"}],"wp:attachment":[{"href":"https:\/\/palaestra.ecn.cz\/index.php?rest_route=%2Fwp%2Fv2%2Fmedia&parent=764"}],"wp:term":[{"taxonomy":"category","embeddable":true,"href":"https:\/\/palaestra.ecn.cz\/index.php?rest_route=%2Fwp%2Fv2%2Fcategories&post=764"},{"taxonomy":"post_tag","embeddable":true,"href":"https:\/\/palaestra.ecn.cz\/index.php?rest_route=%2Fwp%2Fv2%2Ftags&post=764"}],"curies":[{"name":"wp","href":"https:\/\/api.w.org\/{rel}","templated":true}]}}