{"id":396,"date":"2014-04-03T11:59:16","date_gmt":"2014-04-03T11:59:16","guid":{"rendered":"http:\/\/palaestra.mimochodem.info\/?p=396"},"modified":"2014-04-03T11:59:16","modified_gmt":"2014-04-03T11:59:16","slug":"celoslovenska-juniorska-narodni-liga-boxu-v-novom-meste-nad-vahom-ve-dnech-9-a-10-11-2013","status":"publish","type":"post","link":"http:\/\/palaestra.ecn.cz\/?p=396","title":{"rendered":"Celoslovensk\u00e1 juniorsk\u00e1 n\u00e1rodn\u00ed liga boxu v Novom Mest\u011b nad V\u00e1hom ve dnech 9.a 10.11.2013"},"content":{"rendered":"<p><span style=\"color: #000000; font-family: Verdana; font-size: small;\"><b>Startovali:<\/b><br \/>\nPetr Asim<br \/>\nVolodymyr Zaychenko<br \/>\nYeugeni Sichevsky<br \/>\nJakub Vitula<br \/>\nVojt\u011bch Hata\u0161<br \/>\n<b>Tren\u00e9\u0159i:<\/b> Jan Balog, Jakub Majzel<\/p>\n<p><b>Prvn\u00ed den \u2013 vy\u0159azovac\u00ed boje<\/b><\/p>\n<p><b>Prvn\u00ed utk\u00e1n\u00ed:<\/b><br \/>\nPetr Asim \u2013 <b>Triebel<\/b>, BC Kl\u00edn, v\u00e1ha 46 kg <b>NB<\/b><br \/>\nT\u0159i kola velmi bojovn\u00e9ho z\u00e1pasu, ve kter\u00e9m jsme my byli techni\u010dt\u011bj\u0161\u00ed a p\u0159esn\u011bj\u0161\u00ed. Ov\u0161em mus\u00edm podotknout, \u017ee ten den Petr neposlouchal. P\u0159esto\u017ee jsme jasn\u011b vyhr\u00e1li, nechali n\u00e1s sloven\u0161t\u00ed rozhod\u010d\u00ed prohr\u00e1t na body. Petr byl p\u0159\u00edli\u0161 p\u0159emotivovan\u00fd a nebyl schopn\u00fd fin\u00e1ln\u00edho \u00faderu. Na p\u0159\u00ed\u0161t\u011b je pot\u0159eba poslouchat pokyny tren\u00e9r\u016f a b\u00fdt disciplinovan\u00fd v boji.<\/p>\n<p><b>Druh\u00e9 utk\u00e1n\u00ed:<\/b><br \/>\n<b>Volodymyr Zaychenko<\/b> &#8211; Ga\u010fo, BC Vranov, v\u00e1ha 46 kg <b>NB<\/b><br \/>\nVl\u00e1\u010fa boxoval p\u0159esn\u011b to, co jsme po n\u011bm cht\u011bli, boxoval v klidu a s p\u0159ehledem. Ve v\u00fdm\u011bn\u00e1ch byl p\u0159esn\u011bj\u0161\u00ed, Vl\u00e1\u010fovi je t\u0159eba pod\u011bkovat za bojovnost a nasazen\u00ed. Vyhr\u00e1li jsme pr\u00e1vem<\/p>\n<p><b>T\u0159et\u00ed utk\u00e1n\u00ed:<\/b><br \/>\nJakub Vitula \u2013 <b>Fleischer<\/b>, BC Bratislava, v\u00e1ha 66 kg,<b>TKO<\/b><br \/>\nKuba nezvl\u00e1dl \u00favodn\u00ed n\u00e1stup soupe\u0159e, z\u00e1pas v podstat\u011b po prvn\u00ed minut\u011b vzdal. Z dlouhodob\u00e9ho hlediska nem\u00e1 cenu Jakuba nutit do z\u00e1pas\u016f. Domluvili jsme se, \u017ee na \u010das s Kubou p\u0159estaneme z\u00e1vodit. Kuba mus\u00ed zv\u00fd\u0161it fyzickou zdatnost a psychickou odolnost.<\/p>\n<p><b>\u010ctvrt\u00e9 utk\u00e1n\u00ed:<\/b><br \/>\nYeugeni Sychevsky \u2013 <b>Pecek<\/b>, BC Nitra, V\u00e1ha 70 kg, <b>NB<\/b><br \/>\n\u017d\u00e9\u0148a se od minul\u00e9ho z\u00e1pasu rapidn\u011b zlep\u0161il, p\u0159esto jeho v\u00fdkon nebyl optim\u00e1ln\u00ed. \u017d\u00e9\u0148a je prost\u011b stra\u0161n\u00fd nerv\u00e1k, nech\u00e1 se zbyte\u010dn\u011b sv\u00e1zat nervozitou. Jinak velmi zaj\u00edmav\u00fd z\u00e1pas, kter\u00fd jsme t\u011b\u0161n\u011b prohr\u00e1li na body. Je t\u0159eba zlep\u0161it obranu a pr\u00e1ci na nohou.<\/p>\n<p><b>P\u00e1t\u00e9 utk\u00e1n\u00ed:<\/b><br \/>\nVojt\u011bch Hata\u0161 \u2013 <b>Hor\u0148\u00e1k<\/b>, BC Nov\u00e9 M\u011bsto nad v\u00e1hom, v\u00e1ha 81 kg, <b>NB<\/b><br \/>\nT\u0159i kola pln\u00e1 kr\u00e1sn\u00e9ho a technick\u00e9ho boxu, kter\u00e9 jsme bohu\u017eel pr\u00e1vem prohr\u00e1li. Soupe\u0159 byl v ka\u017ed\u00e9m kole o chlup lep\u0161\u00ed. Vojta se velmi zlep\u0161il, a to p\u0159edev\u0161\u00edm v oblasti techniky, obrany a pr\u00e1ce na nohou.<\/p>\n<p><b>Druh\u00fd den<\/b><\/p>\n<p><b>Prvn\u00ed utk\u00e1n\u00ed:<\/b><br \/>\n<b>Petr Asim \u2013 Ga\u010fo<\/b>, BC Vranov, v\u00e1ha 46 kg, <b>N<\/b><br \/>\nPetr se dob\u0159e vyspal a bylo to vid\u011bt. Nervozitu nechal v \u0161atn\u011b a boxoval to, co jsme mu \u0159ekli. T\u0159i kola jasn\u00e9 p\u0159evahy z na\u0161\u00ed strany, p\u0159esto tento z\u00e1pas skon\u010dil rem\u00edzou. U Petra oce\u0148ujeme rychlost a pohyb na nohou. Je ov\u0161em zapot\u0159eb\u00ed soust\u0159edit se na fin\u00e1ln\u00ed \u00fader.<\/p>\n<p><b>Druh\u00e9 utk\u00e1n\u00ed:<\/b><br \/>\nVolodymyr Zaychenko \u2013 <b>Triebel<\/b>, BC Kl\u00edn, v\u00e1ha 46 kg, <b>NB<\/b><br \/>\nP\u0159esto\u017ee jsme v tomto z\u00e1pase byli lep\u0161\u00ed, tak n\u00e1s rozhod\u010d\u00ed vid\u011bli prohr\u00e1t. Mus\u00edme podotknout, \u017ee Vl\u00e1\u010fa tento z\u00e1pas nezvl\u00e1dal, byl p\u0159\u00edli\u0161 emo\u010dn\u011b nevyrovnan\u00fd, cht\u011bl se se soupe\u0159em po\u0159\u00e1d pr\u00e1t. P\u0159esto\u017ee jsme byli ve v\u00fdm\u011bn\u00e1ch tvrd\u0161\u00ed a p\u0159esn\u011bj\u0161\u00ed, v\u017edy n\u011bjakou r\u00e1nu na hlavu inkasoval, a to zap\u0159\u00ed\u010dinilo, \u017ee jsme prohr\u00e1li. Na p\u0159\u00ed\u0161t\u011b je t\u0159eba dodr\u017eovat pokyny tren\u00e9r\u016f a nechat emoce v \u0161atn\u011b.<\/p>\n<p>Na Slovensku jsme uk\u00e1zali, \u017ee boxovat um\u00edme. Soupe\u0159i a tren\u00e9\u0159i n\u00e1m pod\u011bkovali za n\u00e1\u0161 sportovn\u00ed v\u00fdkon a byli r\u00e1di, \u017ee jsme se jejich sout\u011b\u017ee z\u00fa\u010dastnili. My d\u011bkujeme za pozv\u00e1n\u00ed, poho\u0161t\u011bn\u00ed a skv\u011blou organizaci cel\u00e9ho turnaje. <\/span><\/p>\n","protected":false},"excerpt":{"rendered":"<p>Startovali: Petr Asim Volodymyr Zaychenko Yeugeni Sichevsky Jakub Vitula Vojt\u011bch Hata\u0161 Tren\u00e9\u0159i: Jan Balog, Jakub Majzel Prvn\u00ed den \u2013 vy\u0159azovac\u00ed boje Prvn\u00ed utk\u00e1n\u00ed: Petr Asim \u2013 Triebel, BC Kl\u00edn, v\u00e1ha 46 kg NB T\u0159i kola velmi bojovn\u00e9ho z\u00e1pasu, ve kter\u00e9m jsme my byli techni\u010dt\u011bj\u0161\u00ed a p\u0159esn\u011bj\u0161\u00ed. Ov\u0161em mus\u00edm podotknout, \u017ee ten den Petr neposlouchal. P\u0159esto\u017ee [&hellip;]<\/p>\n","protected":false},"author":1,"featured_media":0,"comment_status":"closed","ping_status":"closed","sticky":false,"template":"","format":"standard","meta":{"footnotes":""},"categories":[12,3],"tags":[],"_links":{"self":[{"href":"http:\/\/palaestra.ecn.cz\/index.php?rest_route=\/wp\/v2\/posts\/396"}],"collection":[{"href":"http:\/\/palaestra.ecn.cz\/index.php?rest_route=\/wp\/v2\/posts"}],"about":[{"href":"http:\/\/palaestra.ecn.cz\/index.php?rest_route=\/wp\/v2\/types\/post"}],"author":[{"embeddable":true,"href":"http:\/\/palaestra.ecn.cz\/index.php?rest_route=\/wp\/v2\/users\/1"}],"replies":[{"embeddable":true,"href":"http:\/\/palaestra.ecn.cz\/index.php?rest_route=%2Fwp%2Fv2%2Fcomments&post=396"}],"version-history":[{"count":0,"href":"http:\/\/palaestra.ecn.cz\/index.php?rest_route=\/wp\/v2\/posts\/396\/revisions"}],"wp:attachment":[{"href":"http:\/\/palaestra.ecn.cz\/index.php?rest_route=%2Fwp%2Fv2%2Fmedia&parent=396"}],"wp:term":[{"taxonomy":"category","embeddable":true,"href":"http:\/\/palaestra.ecn.cz\/index.php?rest_route=%2Fwp%2Fv2%2Fcategories&post=396"},{"taxonomy":"post_tag","embeddable":true,"href":"http:\/\/palaestra.ecn.cz\/index.php?rest_route=%2Fwp%2Fv2%2Ftags&post=396"}],"curies":[{"name":"wp","href":"https:\/\/api.w.org\/{rel}","templated":true}]}}