{"id":371,"date":"2013-05-23T19:23:01","date_gmt":"2013-05-23T19:23:01","guid":{"rendered":"http:\/\/palaestra.mimochodem.info\/?p=371"},"modified":"2013-05-23T19:23:01","modified_gmt":"2013-05-23T19:23:01","slug":"mistrovstvi-republiky-kadetu-a-skolni-mladeze-v-melniku-ve-dnech-8-10-3-2013","status":"publish","type":"post","link":"http:\/\/palaestra.ecn.cz\/?p=371","title":{"rendered":"Mistrovstv\u00ed republiky kadet\u016f a \u0161koln\u00ed ml\u00e1de\u017ee v M\u011bln\u00edku ve dnech 8.- 10.3.2013"},"content":{"rendered":"<p><span style=\"color: #ffffff; font-family: Verdana; font-size: small;\"> <b>Za n\u00e1\u0161 odd\u00edl se nominovali:<\/b><\/p>\n<p><b>\u0160koln\u00ed ml\u00e1de\u017e<\/b><\/p>\n<p>Luk\u00e1\u0161 Farabauer v\u00e1ha do 30kg<br \/>\nVolodymyr Zaychenko v\u00e1ha 42kg<br \/>\nJi\u0159\u00ed Z\u00e1kosteleck\u00fd v\u00e1ha 42kg<br \/>\nPetr Asim v\u00e1ha 44kg<br \/>\nFilip Vast\u00e1g v\u00e1ha 57kg<\/p>\n<p><b>Kadeti<\/b><\/p>\n<p>Jakub Vitula v\u00e1ha 63kg<br \/>\nYevgeniy Sichevskyy v\u00e1ha 66kg<\/p>\n<p><b>Vy\u0159azovac\u00ed boje:<\/b><\/p>\n<p>Ji\u0159\u00ed Z\u00e1kosteleck\u00fd \u2013 <b>Klosko BC Sokol Poruba v\u00e1ha 42 kg. NB<\/b> Vyrovnan\u00fd z\u00e1pas, kter\u00fd jsme bohu\u017eel prohr\u00e1li. Jirka ve t\u0159et\u00edm kole ode\u0161el fyzicky. Dle m\u00e9ho n\u00e1zoru jsme prohr\u00e1li \u00fapln\u011b zbyte\u010dn\u011b. Jirka n\u00e1s cel\u00e9 t\u0159i kola prost\u011b neposlouchal. M\u00e1lo povoloval a stra\u0161n\u011b se rval. Prohr\u00e1li jsme pr\u00e1vem.<br \/>\n<b>Ostatn\u00ed borci postoupili do semifin\u00e1le na z\u00e1klad\u011b losov\u00e1n\u00ed.<\/b><\/p>\n<p><b>Semifin\u00e1lov\u00e9 boje:<\/b><\/p>\n<p>Luk\u00e1\u0161 Farabauer \u2013 <b>Rous SK Box Chlumec v\u00e1ha do 30kg NB<\/b><br \/>\nBohu\u017eel, soupe\u0159 byl nad na\u0161e s\u00edly. Luk\u00e1\u0161 v\u00e1\u017e\u00ed pouze 24kg a soupe\u0159 m\u011bl o 4kila v\u00edc. Bylo to zn\u00e1t hlavn\u011b na \u00faderech. N\u00e1\u0161 borec bojoval jako lev, ale nesta\u010dilo to. Po druh\u00e9m po\u010d\u00edt\u00e1n\u00ed ve druh\u00e9m kole rozhod\u010d\u00ed z\u00e1pas ukon\u010dil. Prohr\u00e1li jsme pr\u00e1vem.<br \/>\n<b>P\u0159esto Luk\u00e1\u0161 obsadil na tomto turnaji 3. m\u00edsto.<\/b><\/p>\n<p><b>Volodymyr Zaychenko<\/b> \u2013 Danko BCS Krom\u011b\u0159\u00ed\u017e v\u00e1ha 42kg <b>NB<\/b><br \/>\nVelmi vyrovnan\u00fd z\u00e1pas, kter\u00fd jsme pr\u00e1vem vyhr\u00e1li. L\u00e1\u010fa boxoval v klidu a s p\u0159ehledem. P\u011bkn\u011b povoloval na nohou a je\u0161t\u011b velmi p\u011bkn\u011b odch\u00e1zel s \u00fatok\u016f. K tomuto z\u00e1pasu nen\u00ed co v\u00edc dodat. Vyhr\u00e1li jsme pr\u00e1vem a postoupili do fin\u00e1le.<\/p>\n<p><b>Petr Asim<\/b> \u2013 Now\u00e1k BC Ban\u00edk Karvin\u00e1 v\u00e1ha 44kg. <b>NB<\/b><br \/>\nJasn\u00e1 v\u00fdhra z na\u0161\u00ed strany. Petr boxoval p\u0159esn\u011b podle toho, co jsme mu naordinovali. Ocenit se mus\u00ed tak\u00e9 snaha soupe\u0159e, ov\u0161em Petr byl ten den k nepora\u017een\u00ed. Pochvala za pr\u00e1ci nohou a pr\u00e1ci p\u0159edn\u00ed ruky. Vyhr\u00e1li jsme pr\u00e1vem a postoupili do fin\u00e1le.<\/p>\n<p>Filip Vast\u00e1g \u2013 <b>Kosmel Viktoria Hav\u00ed\u0159ov v\u00e1ha 57kg NB<\/b><br \/>\nFilip tento z\u00e1pas nezvl\u00e1dl. Boxoval p\u0159\u00edli\u0161 nejasn\u011b a bez d\u016frazu. Nem\u011bl jasno v obran\u011b a ani v \u00fatoku. Prost\u011b zka\u017een\u00fd z\u00e1pas a zbyte\u010dn\u00e1 prohra. Filip v posledn\u00ed dob\u011b m\u00e1lo tr\u00e9noval a nechodil na rann\u00ed tr\u00e9ninky. Pokud to zm\u011bn\u00ed, ur\u010dit\u011b se zlep\u0161\u00ed. Prohr\u00e1li jsme pr\u00e1vem.<br \/>\n<b>Filip na tomto turnaji obsadil 3. m\u00edsto.<\/b><\/p>\n<p><b>Jakub Vitula<\/b> \u2013 P\u0159e\u0165\u00e1k SKP Kometa Brno v\u00e1ha 63kg. <b>NB<\/b><br \/>\nVyrovnan\u00fd z\u00e1pas, ve kter\u00e9m byl o n\u011bco m\u00e1lo lep\u0161\u00ed n\u00e1\u0161 Jakub. Jakub se v posledn\u00ed dob\u011b hodn\u011b zlep\u0161il a jeto vid\u011bt. Poctiv\u011b tr\u00e9nuje a chod\u00ed i na rann\u00ed tr\u00e9ninky. Je t\u0159eba si je\u0161t\u011b v\u00edce v\u011b\u0159it a bude to je\u0161t\u011b lep\u0161\u00ed. Pochvala za bojovnost a nasazen\u00ed. Vyhr\u00e1li jsme pr\u00e1vem a postoupili do fin\u00e1le.<\/p>\n<p>Yevgeniy Sichevskyy \u2013 <b>Han\u010dl BC M\u011bln\u00edk v\u00e1ha 66kg NB<\/b><br \/>\nVelmi vyrovnan\u00fd z\u00e1pas, kter\u00fd jsme bohu\u017eel prohr\u00e1li. Je t\u0159eba u na\u0161eho borce je\u0161t\u011b zapracovat na kondici a na odhadu vzd\u00e1lenosti. Soupe\u0159, byl v ka\u017ed\u00e9m kole o n\u011bco lep\u0161\u00ed a p\u0159esn\u011bj\u0161\u00ed. Prohr\u00e1li jsme pr\u00e1vem.<br \/>\n<b>Yevgeniy obsadil na tomto turnaji 3. m\u00edsto.<\/b><\/p>\n<p><b>Fin\u00e1lov\u00e9 boje:<\/b><\/p>\n<p><b>Volodymyr Zaychenko<\/b> \u2013 Forejtek BC Pra\u017esk\u00fd Rohovn\u00edk v\u00e1ha 42kg <b>NB<\/b><br \/>\nVelmi bojovn\u00fd a vyrovnan\u00fd z\u00e1pas, kter\u00fd skon\u010dil rem\u00edzou. L\u00e1\u010fa je\u0161t\u011b p\u0159ed t\u0159et\u00edm kolem vedl o dva body. Bohu\u017eel ve t\u0159et\u00edm kole mu do\u0161ly s\u00edly, ale p\u0159esto bojoval jako lev a po z\u00e1sluze vyhr\u00e1l na pomocn\u00e9 body. No co dodat prost\u011b se uk\u00e1zalo, \u017ee kdy\u017e opravdu a poctiv\u011b tr\u00e9nuje\u0161, v\u00fdsledek se dostav\u00ed. Gratulujeme k titulu.<\/p>\n<p>Petr Asim \u2013 <b>\u0160achbazian SKP \u00dast\u00ed nad Labem v\u00e1ha 44kg VZD<\/b><br \/>\nBohu\u017eel velmi siln\u00fd a zku\u0161en\u00fd borec z \u00dast\u00ed byl nad na\u0161e s\u00edly. Petr se sna\u017eil, ov\u0161em to nesta\u010dilo. Po prvn\u00edm po\u010d\u00edt\u00e1n\u00ed jsem z\u00e1pas vzdal. Na\u0161eho borce teprve velk\u00e9 turnaje \u010dekaj\u00ed. Pochvala za bojovnost a nasazen\u00ed. Prohr\u00e1li jsme pr\u00e1vem a obsadili 2 m\u00edsto.<\/p>\n<p>Jakub Vitula \u2013 <b>Korbel SKS Ar\u00e9na Kladno v\u00e1ha 63kg NB<\/b><br \/>\nJakub tento z\u00e1pas nezvl\u00e1dl a zbyte\u010dn\u011b prohr\u00e1l. Cht\u011blo to trochu zabojovat a poprat se o v\u00fdsledek. Zbyte\u010dn\u00e1 panika a nejasn\u00e1 obrana zavinila to, \u017ee n\u00e1\u0161 borec tento z\u00e1pas prohr\u00e1l p\u0159ed limitem. \u0160koda, mohli jsme m\u00edt dva tituly. Prohr\u00e1li jsme pr\u00e1vem a obsadili dal\u0161\u00ed druh\u00e9 m\u00edsto.<\/p>\n<p><b>Z tohoto turnaje si odv\u00e1\u017e\u00edme jedno prvn\u00ed m\u00edsto, dv\u011b st\u0159\u00edbrn\u00e1 a t\u0159i bronzov\u00e1 m\u00edsta. V\u0161em d\u011bkuji za vzornou reprezentaci na\u0161eho odd\u00edlu.<\/b> <\/span><\/p>\n","protected":false},"excerpt":{"rendered":"<p>Za n\u00e1\u0161 odd\u00edl se nominovali: \u0160koln\u00ed ml\u00e1de\u017e Luk\u00e1\u0161 Farabauer v\u00e1ha do 30kg Volodymyr Zaychenko v\u00e1ha 42kg Ji\u0159\u00ed Z\u00e1kosteleck\u00fd v\u00e1ha 42kg Petr Asim v\u00e1ha 44kg Filip Vast\u00e1g v\u00e1ha 57kg Kadeti Jakub Vitula v\u00e1ha 63kg Yevgeniy Sichevskyy v\u00e1ha 66kg Vy\u0159azovac\u00ed boje: Ji\u0159\u00ed Z\u00e1kosteleck\u00fd \u2013 Klosko BC Sokol Poruba v\u00e1ha 42 kg. NB Vyrovnan\u00fd z\u00e1pas, kter\u00fd jsme bohu\u017eel [&hellip;]<\/p>\n","protected":false},"author":1,"featured_media":0,"comment_status":"closed","ping_status":"open","sticky":false,"template":"","format":"standard","meta":{"footnotes":""},"categories":[12,3],"tags":[],"_links":{"self":[{"href":"http:\/\/palaestra.ecn.cz\/index.php?rest_route=\/wp\/v2\/posts\/371"}],"collection":[{"href":"http:\/\/palaestra.ecn.cz\/index.php?rest_route=\/wp\/v2\/posts"}],"about":[{"href":"http:\/\/palaestra.ecn.cz\/index.php?rest_route=\/wp\/v2\/types\/post"}],"author":[{"embeddable":true,"href":"http:\/\/palaestra.ecn.cz\/index.php?rest_route=\/wp\/v2\/users\/1"}],"replies":[{"embeddable":true,"href":"http:\/\/palaestra.ecn.cz\/index.php?rest_route=%2Fwp%2Fv2%2Fcomments&post=371"}],"version-history":[{"count":0,"href":"http:\/\/palaestra.ecn.cz\/index.php?rest_route=\/wp\/v2\/posts\/371\/revisions"}],"wp:attachment":[{"href":"http:\/\/palaestra.ecn.cz\/index.php?rest_route=%2Fwp%2Fv2%2Fmedia&parent=371"}],"wp:term":[{"taxonomy":"category","embeddable":true,"href":"http:\/\/palaestra.ecn.cz\/index.php?rest_route=%2Fwp%2Fv2%2Fcategories&post=371"},{"taxonomy":"post_tag","embeddable":true,"href":"http:\/\/palaestra.ecn.cz\/index.php?rest_route=%2Fwp%2Fv2%2Ftags&post=371"}],"curies":[{"name":"wp","href":"https:\/\/api.w.org\/{rel}","templated":true}]}}