{"id":283,"date":"2013-05-23T18:54:01","date_gmt":"2013-05-23T18:54:01","guid":{"rendered":"http:\/\/palaestra.mimochodem.info\/?p=283"},"modified":"2013-05-23T18:54:01","modified_gmt":"2013-05-23T18:54:01","slug":"dalsi-kolo-juniorske-ligy-konane-v-treboni-dne-24-4-2010","status":"publish","type":"post","link":"http:\/\/palaestra.ecn.cz\/?p=283","title":{"rendered":"Dal\u0161\u00ed kolo juniorsk\u00e9 ligy konan\u00e9 v T\u0159eboni dne 24. 4. 2010"},"content":{"rendered":"<p><span style=\"color: #000000; font-family: Verdana; font-size: small;\"><b>Startovali:<br \/>\n<\/b>Aleksi Telv\u00e1k<br \/>\nPatrik Balog<br \/>\nDenis Telv\u00e1k <\/span><\/p>\n<p><span style=\"color: #000000; font-family: Verdana; font-size: small;\">Toto kolo bylo nomina\u010dn\u00ed na Mistrovstv\u00ed republiky junior\u016f, kter\u00e9 se bude konat v Povrlech dne 7.- 9. 5. 2010 Na zm\u00edn\u011bn\u00e9 kolo p\u0159ijelo pom\u011brn\u011b m\u00e1lo odd\u00edl\u016f a t\u00edm p\u00e1dem tak\u00e9 m\u00e1lo borc\u016f. Tren\u00e9\u0159i, kter\u00fdch se t\u00fdkala nominace na MR-J se sna\u017eili sp\u00ed\u0161e sv\u00e9ho borce nestav\u011bt a jen si potvrdit \u00fa\u010dast na MR-J. Z tohoto d\u016fvodu si tak\u00e9 nezaboxoval ani nikdo z na\u0161eho odd\u00edlu, nebo\u0165 jsme nem\u011bli soupe\u0159e. Tren\u00e9\u0159i se z\u0159ejm\u011b b\u00e1li se, \u017ee by se jejich borec mohl zranit, a t\u00edm by p\u0159i\u0161el o mo\u017enost startu na zm\u00edn\u011bn\u00e9m mistrovstv\u00ed.<\/span><\/p>\n<p><span style=\"color: #000000; font-family: Verdana; font-size: small;\">Z T\u0159ebon\u011b si odv\u00e1\u017e\u00edme alespo\u0148 body do tabulky.<\/span><\/p>\n","protected":false},"excerpt":{"rendered":"<p>Startovali: Aleksi Telv\u00e1k Patrik Balog Denis Telv\u00e1k Toto kolo bylo nomina\u010dn\u00ed na Mistrovstv\u00ed republiky junior\u016f, kter\u00e9 se bude konat v Povrlech dne 7.- 9. 5. 2010 Na zm\u00edn\u011bn\u00e9 kolo p\u0159ijelo pom\u011brn\u011b m\u00e1lo odd\u00edl\u016f a t\u00edm p\u00e1dem tak\u00e9 m\u00e1lo borc\u016f. Tren\u00e9\u0159i, kter\u00fdch se t\u00fdkala nominace na MR-J se sna\u017eili sp\u00ed\u0161e sv\u00e9ho borce nestav\u011bt a jen si [&hellip;]<\/p>\n","protected":false},"author":1,"featured_media":0,"comment_status":"closed","ping_status":"open","sticky":false,"template":"","format":"standard","meta":{"footnotes":""},"categories":[9,3],"tags":[],"_links":{"self":[{"href":"http:\/\/palaestra.ecn.cz\/index.php?rest_route=\/wp\/v2\/posts\/283"}],"collection":[{"href":"http:\/\/palaestra.ecn.cz\/index.php?rest_route=\/wp\/v2\/posts"}],"about":[{"href":"http:\/\/palaestra.ecn.cz\/index.php?rest_route=\/wp\/v2\/types\/post"}],"author":[{"embeddable":true,"href":"http:\/\/palaestra.ecn.cz\/index.php?rest_route=\/wp\/v2\/users\/1"}],"replies":[{"embeddable":true,"href":"http:\/\/palaestra.ecn.cz\/index.php?rest_route=%2Fwp%2Fv2%2Fcomments&post=283"}],"version-history":[{"count":0,"href":"http:\/\/palaestra.ecn.cz\/index.php?rest_route=\/wp\/v2\/posts\/283\/revisions"}],"wp:attachment":[{"href":"http:\/\/palaestra.ecn.cz\/index.php?rest_route=%2Fwp%2Fv2%2Fmedia&parent=283"}],"wp:term":[{"taxonomy":"category","embeddable":true,"href":"http:\/\/palaestra.ecn.cz\/index.php?rest_route=%2Fwp%2Fv2%2Fcategories&post=283"},{"taxonomy":"post_tag","embeddable":true,"href":"http:\/\/palaestra.ecn.cz\/index.php?rest_route=%2Fwp%2Fv2%2Ftags&post=283"}],"curies":[{"name":"wp","href":"https:\/\/api.w.org\/{rel}","templated":true}]}}