{"id":277,"date":"2013-05-23T18:51:21","date_gmt":"2013-05-23T18:51:21","guid":{"rendered":"http:\/\/palaestra.mimochodem.info\/?p=277"},"modified":"2013-05-23T18:51:21","modified_gmt":"2013-05-23T18:51:21","slug":"mezinarodni-turnaj-ruda-slonska-polsko-dne-18-20-12-2009","status":"publish","type":"post","link":"http:\/\/palaestra.ecn.cz\/?p=277","title":{"rendered":"Mezin\u00e1rodn\u00ed turnaj Rud\u00e1 \u0160lonska \u2013 Polsko dne 18. \u2013 20.12.2009"},"content":{"rendered":"<p><span style=\"color: #000000; font-family: Verdana; font-size: small;\"><b>Tohoto mezin\u00e1rodn\u00edho turnaje se za n\u00e1\u0161 odd\u00edl z\u00fa\u010dastnili:<\/b><br \/>\nAleksi Telv\u00e1k<br \/>\nPatrik Balog<br \/>\nDenis Telv\u00e1k <\/span><\/p>\n<p><span style=\"color: #000000; font-family: Verdana; font-size: small;\"><b>Aleksi Tev\u00e1k &#8211; Smolka Polsko v\u00e1ha 48 kg. NB<\/b><br \/>\nAleksi se ten den moc nesna\u017eil. Boxoval velmi opatrn\u011b a z \u00fastupu. Po technick\u00e9 strance byl o t\u0159\u00eddu lep\u0161\u00ed ne\u017e soupe\u0159, ov\u0161em to se neboduje. \u0160koda, mohli jsme tento z\u00e1pas s p\u0159ehledem vyhr\u00e1t. Prohra byla na m\u00edst\u011b.<\/span><\/p>\n<p><span style=\"color: #000000; font-family: Verdana; font-size: small;\"><b>Patrik Balog \u2013 Furmanial Polsko v\u00e1ha 63kg. NB<\/b><br \/>\nPatrik soupe\u0159e p\u0159evy\u0161oval m\u00edsty o dv\u011b t\u0159\u00eddy. Byl lep\u0161\u00ed po v\u0161ech str\u00e1nk\u00e1ch. Po dvou po\u010d\u00edt\u00e1n\u00edch z\u00e1pas skon\u010dil na body. Patrik v z\u00e1v\u011bru byl pon\u011bkud unaven\u00fd, to je jedin\u00e9, co jsem Patrikovi vytkl. Vyhr\u00e1li jsme pr\u00e1vem a postoupili do fin\u00e1le.<\/span><\/p>\n<p><span style=\"color: #000000; font-family: Verdana; font-size: small;\"><b>Denis Telv\u00e1k \u2013 Jawi\u010dek Polsko v\u00e1ha 54 kg. NB<\/b><br \/>\nT\u0159i kola tvrd\u00e9ho boje ze kter\u00e9ho jsme my ode\u0161li jako pora\u017een\u00ed. Denis se opravdu sna\u017ei,l ov\u0161em v n\u011bkter\u00fdch situac\u00edch se projevoval jako za\u010d\u00e1te\u010dn\u00edk. Nen\u00ed to v\u00fdtka jen konstatov\u00e1n\u00ed. Denis pot\u0159ebuje sb\u00edrat zku\u0161enosti a to se tak\u00e9 stalo. Prohr\u00e1li jsme na body.<\/span><\/p>\n<p><span style=\"color: #000000; font-family: Verdana; font-size: small;\"><b>Fin\u00e1le:<br \/>\nPatrik Balog \u2013 Nechnidichnik Urajina v\u00e1ha 63kg. NB<\/b><br \/>\nPatrik tento z\u00e1pas vyhr\u00e1,l ale j\u00e1 jsem nebyl moc spokojen s jeho v\u00fdkonem. Tak trochu divn\u00fd v\u00fdkon, ne \u017ee by Patrik nebyl v tomto z\u00e1pase lep\u0161\u00ed, ale sp\u00ed\u0161 my jde o to, aby kdy\u017e boxujeme venku chlapci v z\u00e1pase odevzdali \u00fapln\u00e9 maximum. A to Patrik neud\u011blal, boxoval p\u0159\u00edli\u0161 vla\u017en\u011b. Ve t\u0159et\u00edm kole sice zabral a jasn\u011b strhl v\u00fdhru na svoj\u00ed stranu, ale co kdyby to rozhod\u010d\u00ed necht\u011bli vid\u011bt? Bodovalo se na l\u00edstky a to je v\u017edy tak trochu nebezbe\u010dn\u00e9!<\/span><\/p>\n<p><span style=\"color: #000000; font-family: Verdana; font-size: small;\">Z toho to turnaje si n\u00e1\u0161 odd\u00edl odn\u00e1\u0161\u00ed jedno prvn\u00ed a dv\u011b druh\u00e1 m\u00edsta. Po\u0159adatel\u016fm d\u011bkuji za vzornou organizaci a z\u00e1zem\u00ed, kter\u00e9 n\u00e1m zabezpe\u010dili. Byl to velmi p\u011bkn\u00fd v\u00fdlet.<\/span><\/p>\n","protected":false},"excerpt":{"rendered":"<p>Tohoto mezin\u00e1rodn\u00edho turnaje se za n\u00e1\u0161 odd\u00edl z\u00fa\u010dastnili: Aleksi Telv\u00e1k Patrik Balog Denis Telv\u00e1k Aleksi Tev\u00e1k &#8211; Smolka Polsko v\u00e1ha 48 kg. NB Aleksi se ten den moc nesna\u017eil. Boxoval velmi opatrn\u011b a z \u00fastupu. Po technick\u00e9 strance byl o t\u0159\u00eddu lep\u0161\u00ed ne\u017e soupe\u0159, ov\u0161em to se neboduje. \u0160koda, mohli jsme tento z\u00e1pas s p\u0159ehledem [&hellip;]<\/p>\n","protected":false},"author":1,"featured_media":0,"comment_status":"closed","ping_status":"open","sticky":false,"template":"","format":"standard","meta":{"footnotes":""},"categories":[8,3],"tags":[],"_links":{"self":[{"href":"http:\/\/palaestra.ecn.cz\/index.php?rest_route=\/wp\/v2\/posts\/277"}],"collection":[{"href":"http:\/\/palaestra.ecn.cz\/index.php?rest_route=\/wp\/v2\/posts"}],"about":[{"href":"http:\/\/palaestra.ecn.cz\/index.php?rest_route=\/wp\/v2\/types\/post"}],"author":[{"embeddable":true,"href":"http:\/\/palaestra.ecn.cz\/index.php?rest_route=\/wp\/v2\/users\/1"}],"replies":[{"embeddable":true,"href":"http:\/\/palaestra.ecn.cz\/index.php?rest_route=%2Fwp%2Fv2%2Fcomments&post=277"}],"version-history":[{"count":0,"href":"http:\/\/palaestra.ecn.cz\/index.php?rest_route=\/wp\/v2\/posts\/277\/revisions"}],"wp:attachment":[{"href":"http:\/\/palaestra.ecn.cz\/index.php?rest_route=%2Fwp%2Fv2%2Fmedia&parent=277"}],"wp:term":[{"taxonomy":"category","embeddable":true,"href":"http:\/\/palaestra.ecn.cz\/index.php?rest_route=%2Fwp%2Fv2%2Fcategories&post=277"},{"taxonomy":"post_tag","embeddable":true,"href":"http:\/\/palaestra.ecn.cz\/index.php?rest_route=%2Fwp%2Fv2%2Ftags&post=277"}],"curies":[{"name":"wp","href":"https:\/\/api.w.org\/{rel}","templated":true}]}}