{"id":27,"date":"2013-05-22T20:59:36","date_gmt":"2013-05-22T20:59:36","guid":{"rendered":"http:\/\/palaestra.mimochodem.info\/?p=27"},"modified":"2013-05-22T20:59:36","modified_gmt":"2013-05-22T20:59:36","slug":"dne-13-5-2006-se-nas-oddil-zucastnil-oblastniho-kola-juniorske-ligy-v-severnich-cechach-poradaneho-v-decine-mistnim-oddilem","status":"publish","type":"post","link":"http:\/\/palaestra.ecn.cz\/?p=27","title":{"rendered":"Dne 13. 5. 2006 se n\u00e1\u0161 odd\u00edl z\u00fa\u010dastnil oblastn\u00edho kola juniorsk\u00e9 ligy v severn\u00edch \u010cech\u00e1ch po\u0159\u00e1dan\u00e9ho v D\u011b\u010d\u00edn\u011b m\u00edstn\u00edm odd\u00edlem."},"content":{"rendered":"<p><span style=\"color: #000000; font-family: Verdana; font-size: small;\">Tohoto kola jsme se z\u00fa\u010dastnili v n\u00e1sleduj\u00edc\u00ed sestav\u011b:<br \/>\nJakub Majzel<br \/>\nPatrik Balog<br \/>\nMarek Bohuslavick\u00fd<br \/>\nPetr Bake\u0161<br \/>\nMartin H\u00e1jek<br \/>\nTom\u00e1\u0161 Poll\u00e1k<\/span><\/p>\n<p><span style=\"color: #000000; font-family: Verdana; font-size: small;\"><b>Prvn\u00ed utk\u00e1n\u00ed:<br \/>\nPetr Bake\u0161 \u2013 Zielinsky Polsko. V\u00e1ha 50 Kg. N.<\/b><br \/>\nTohoto kola se z\u00fa\u010dastnila tak\u00e9 v\u00fdprava z Polska, tak\u017ee do z\u00e1pasu jsme \u0161li, ani\u017e bychom o na\u0161em soupe\u0159i cokoli v\u011bd\u011bli. Soupe\u0159 si na na\u0161eho Petra v\u011b\u0159il a m\u011bl opravdu tvrd\u00fd n\u00e1stup. Ov\u0161em Petr se ni\u010deho nezalekl a p\u011bkn\u011b s p\u0159ehledem odboxoval cel\u00e1 t\u0159i kola. Dokonce se d\u00e1 \u0159\u00edct, \u017ee ve t\u0159et\u00edm kole byl Petr jasn\u011b lep\u0161\u00ed. Pochvala za bojovnost. Petr mus\u00ed je\u0161t\u011b zlep\u0161it postaven\u00ed nohou a pr\u00e1ci trupem. Rem\u00edza byla na m\u00edst\u011b.<\/p>\n<p><b>Druh\u00e9 utk\u00e1n\u00ed:<br \/>\nJakub Majzel \u2013 Abdu\u017ealiov BC D\u011b\u010d\u00edn. V\u00e1ha 40 Kg. NB.<\/b><br \/>\nJakub byl v tomto z\u00e1pase tak trochu favoritem. K na\u0161emu \u00fadivu se tak ale v\u016fbec nechoval. Chodil zbyte\u010dn\u011b daleko od soupe\u0159e a nech\u00e1val ho pracovat. Tak trochu jsme mu ten den nerozum\u011bli. Jindy bojovn\u00fd Jakub se nechal ukol\u00e9bat soupe\u0159ovou prac\u00ed na nohou. Douf\u00e1me, \u017ee se to ji\u017e nebude opakovat. Prohr\u00e1l pr\u00e1vem.<\/p>\n<p><b>T\u0159et\u00ed utk\u00e1n\u00ed:<br \/>\nPatrik Balog \u2013 Kov\u00e1\u010d BC Chomutov. V\u00e1ha 42 Kg. N.<br \/>\n<\/b>Pom\u011brn\u011b zaj\u00edmav\u00e9 utk\u00e1n\u00ed, kter\u00e9 skon\u010dilo nerozhodn\u011b. Patrik si na toto utk\u00e1n\u00ed obul nov\u00e9 boxboty, kter\u00e9 mu v ringu klouzaly, a tak jeho pr\u00e1ce na nohou byla hodn\u011b opatrn\u00e1. Soupe\u0159 nebyl v\u016fbec \u0161patn\u00fd, ov\u0161em Patrik na n\u011bj jednozna\u010dn\u011b m\u011bl. Sta\u010dilo v\u00edc u\u017e\u00edvat zadn\u00edho direktu a soupe\u0159 by nem\u011bl \u0161anci. Rem\u00edza byla na m\u00edst\u011b.<\/span><\/p>\n<p><span style=\"color: #000000; font-family: Verdana; font-size: small;\"><b>\u010ctvrt\u00e9 utk\u00e1n\u00ed:<br \/>\nMarek Bohuslavick\u00fd \u2013 Horv\u00e1t BC Chomutov. V\u00e1ha 46 Kg. N.<br \/>\n<\/b>Zaj\u00edmav\u00e9 utk\u00e1n\u00ed, kter\u00e9 jsme op\u011bt neprohr\u00e1li.Marek m\u011bl soupe\u0159e, kter\u00fd byl o hlavu vy\u0161\u0161\u00ed. Ov\u0161em jeho boxersk\u00e9 um\u011bn\u00ed nesahalo ani do poloviny toho, \u010d\u00edm disponuje Marek. Proto n\u00e1m tak\u00e9 bylo divn\u00e9, kdy\u017e Marek jen tak letmo a bez \u00faderu chodil do v\u00fdm\u011bn. No, i tak to byl celkem p\u011bkn\u00fd z\u00e1pas. Rem\u00edza byla na m\u00edst\u011b. <\/span><\/p>\n<p><span style=\"color: #000000;\"><b><span style=\"font-family: Verdana; font-size: small;\">P\u00e1t\u00e9 utk\u00e1n\u00ed:<br \/>\nMartin H\u00e1jek \u2013 Klikar BC. \u010c.Kamenice V\u00e1ha 52 Kg. NB. <\/span><\/b> <span style=\"font-family: Verdana; font-size: small;\"><br \/>\nTento z\u00e1pas Martin prost\u011b vypustil. Nev\u00edm, co s t\u00edm budeme d\u011blat d\u00e1l. Strach, kter\u00fd Martin p\u0159ed utk\u00e1n\u00edm m\u00e1, je tak velk\u00fd, \u017ee m\u00e1m obavu, \u017ee ho Martin prost\u011b neodbour\u00e1. Rozhodl jsem se ud\u011blit Martinovi na m\u011bs\u00edc distanc. Prohr\u00e1l pr\u00e1vem. <\/span><\/span><\/p>\n<p><span style=\"color: #000000; font-family: Verdana; font-size: small;\"><b>\u0160est\u00e9 utk\u00e1n\u00ed:<br \/>\nTom\u00e1\u0161 Poll\u00e1k \u2013 Kotl\u00edk SKP \u00dast\u00ed nad Labem. V\u00e1ha 69 Kg. NB.<br \/>\n<\/b>\u010cty\u0159i kola kr\u00e1sn\u00e9ho boje, ze kter\u00e9ho jsme my ode\u0161li jako v\u00edt\u011bzov\u00e9. Druh\u00e9 utk\u00e1n\u00ed po dlouh\u00e9 p\u0159est\u00e1vce, a op\u011bt jej Tom\u00e1\u0161 jasn\u011b vyhr\u00e1l. Soupe\u0159, mistr republiky v kickboxu, na na\u0161eho Tom\u00e1\u0161e prost\u011b ten den nem\u011bl. Tom\u00e1\u0161 velmi p\u011bkn\u011b pracoval trupem a u\u017e\u00edval v tomto souboji p\u0159edev\u0161\u00edm rozum.Vyhr\u00e1l pr\u00e1vem.<\/span><\/p>\n<p><span style=\"color: #000000; font-family: Verdana; font-size: small;\">Dv\u011b prohry, t\u0159i rem\u00edzy a jedna v\u00fdhra &#8211; to je celkem slu\u0161n\u00e1 bilance na\u0161eho odd\u00edlu. V\u0161em moc d\u011bkuji za vzornou reprezentaci na\u0161eho odd\u00edlu.<\/span><\/p>\n","protected":false},"excerpt":{"rendered":"<p>Tohoto kola jsme se z\u00fa\u010dastnili v n\u00e1sleduj\u00edc\u00ed sestav\u011b: Jakub Majzel Patrik Balog Marek Bohuslavick\u00fd Petr Bake\u0161 Martin H\u00e1jek Tom\u00e1\u0161 Poll\u00e1k Prvn\u00ed utk\u00e1n\u00ed: Petr Bake\u0161 \u2013 Zielinsky Polsko. V\u00e1ha 50 Kg. N. Tohoto kola se z\u00fa\u010dastnila tak\u00e9 v\u00fdprava z Polska, tak\u017ee do z\u00e1pasu jsme \u0161li, ani\u017e bychom o na\u0161em soupe\u0159i cokoli v\u011bd\u011bli. Soupe\u0159 si na na\u0161eho [&hellip;]<\/p>\n","protected":false},"author":1,"featured_media":0,"comment_status":"open","ping_status":"open","sticky":false,"template":"","format":"standard","meta":{"footnotes":""},"categories":[5,3],"tags":[],"_links":{"self":[{"href":"http:\/\/palaestra.ecn.cz\/index.php?rest_route=\/wp\/v2\/posts\/27"}],"collection":[{"href":"http:\/\/palaestra.ecn.cz\/index.php?rest_route=\/wp\/v2\/posts"}],"about":[{"href":"http:\/\/palaestra.ecn.cz\/index.php?rest_route=\/wp\/v2\/types\/post"}],"author":[{"embeddable":true,"href":"http:\/\/palaestra.ecn.cz\/index.php?rest_route=\/wp\/v2\/users\/1"}],"replies":[{"embeddable":true,"href":"http:\/\/palaestra.ecn.cz\/index.php?rest_route=%2Fwp%2Fv2%2Fcomments&post=27"}],"version-history":[{"count":0,"href":"http:\/\/palaestra.ecn.cz\/index.php?rest_route=\/wp\/v2\/posts\/27\/revisions"}],"wp:attachment":[{"href":"http:\/\/palaestra.ecn.cz\/index.php?rest_route=%2Fwp%2Fv2%2Fmedia&parent=27"}],"wp:term":[{"taxonomy":"category","embeddable":true,"href":"http:\/\/palaestra.ecn.cz\/index.php?rest_route=%2Fwp%2Fv2%2Fcategories&post=27"},{"taxonomy":"post_tag","embeddable":true,"href":"http:\/\/palaestra.ecn.cz\/index.php?rest_route=%2Fwp%2Fv2%2Ftags&post=27"}],"curies":[{"name":"wp","href":"https:\/\/api.w.org\/{rel}","templated":true}]}}