{"id":247,"date":"2013-05-23T18:41:21","date_gmt":"2013-05-23T18:41:21","guid":{"rendered":"http:\/\/palaestra.mimochodem.info\/?p=247"},"modified":"2013-05-23T18:41:21","modified_gmt":"2013-05-23T18:41:21","slug":"dalsi-kolo-juniorske-ligy-tentokrate-v-libcicich-nad-vltavou-konane-dne-8-11-2008","status":"publish","type":"post","link":"http:\/\/palaestra.ecn.cz\/?p=247","title":{"rendered":"Dal\u0161\u00ed kolo juniorsk\u00e9 ligy tentokr\u00e1te v Lib\u010dic\u00edch nad Vltavou konan\u00e9 dne 8. 11. 2008"},"content":{"rendered":"<p><span style=\"color: #000000; font-family: Verdana; font-size: small;\"><b>Startovali:<\/b><br \/>\nAleksi Telv\u00e1k<br \/>\nPatrik Balog<br \/>\nAlexander Andrle<br \/>\nJakub Majzl<\/span><\/p>\n<p><span style=\"color: #000000; font-family: Verdana; font-size: small;\"><b>Tren\u00e9r: <\/b>Jan Balog <\/span><\/p>\n<p><span style=\"color: #000000; font-family: Verdana; font-size: small;\"><b>Prvn\u00ed utk\u00e1n\u00ed :<br \/>\nAleksi Telv\u00e1k \u2013 K\u0159ivatec, Bc Plze\u0148 v\u00e1ha 39kg. N<br \/>\n<\/b>Velmi pr\u016fm\u011brn\u00fd v\u00fdkon, tak by se dal charakterizovat tento z\u00e1pas. Oba borci nic mimo\u0159\u00e1dn\u00e9ho nep\u0159edvedli. Po ukon\u010den\u00ed z\u00e1pasu jsme se dohodli s tren\u00e9rem BC Plze\u0148 panem Stachem, \u017ee ji\u017e tyto borce proti sob\u011b nepostav\u00edme. Rem\u00edza byla na m\u00edst\u011b.<\/span><\/p>\n<p><span style=\"color: #000000; font-family: Verdana; font-size: small;\"><b>Druh\u00fd z\u00e1pas:<br \/>\nAlexandr Andrle \u2013 Pytel, BC Plze\u0148 v\u00e1ha 63 kg. NB.<\/b><br \/>\nSa\u0161a byl ji\u017e p\u0159ed z\u00e1pasem neuv\u011b\u0159iteln\u011b nerv\u00f3zn\u00ed. Nervozita pak Sa\u0161u prov\u00e1zela po cel\u00fd z\u00e1pas. Velmi nep\u0159esn\u00e9 a ned\u016frazn\u00e9 \u00fadery byly t\u00edm d\u016fvodem, pro\u010d jsme z\u00e1pas prohr\u00e1li. V\u016fbec tomu nerozum\u00edm, snad se to ji\u017e nebude opakovat. Prohra byla na m\u00edst\u011b.<\/span><\/p>\n<p><span style=\"color: #000000; font-family: Verdana; font-size: small;\"><b>T\u0159et\u00ed z\u00e1pas:<br \/>\nJakub Majzel \u2013 Radi\u010d, SAC Praga v\u00e1ha 57kg. RSC.<\/b><br \/>\nJakub z\u00e1vodil po dlouh\u00e9 p\u0159est\u00e1vce a bylo to tak\u00e9 zn\u00e1t na jeho projevu. Prvn\u00ed kolo byl podstatn\u011b techni\u010dt\u011bj\u0161\u00ed, ov\u0161em toho nedok\u00e1zal vyu\u017e\u00edvat ve sv\u016fj prosp\u011bch. Ve druh\u00e9m kole nedok\u00e1zal eliminovat soupe\u0159\u016fv tlak, a tak se nechal zahnat do provaz\u016f, kde byl posl\u00e9ze po\u010d\u00edt\u00e1n. Kuba pot\u0159ebuje v\u00edc boxovat a v\u00edc jezdit po turnaj\u00edch. Douf\u00e1m, \u017ee se Kuba probere a op\u011bt za\u010dne v\u00e1\u017en\u011b p\u0159istupovat k tr\u00e9nink\u016fm a celkov\u00e9 p\u0159\u00edprav\u011b. Prohra byla na m\u00edst\u011b.<\/span><\/p>\n<p><span style=\"color: #000000; font-family: Verdana; font-size: small;\">Patrik Balog nenalezl v tomto z\u00e1pase soupe\u0159e. <\/span><\/p>\n<p><span style=\"color: #000000; font-family: Verdana; font-size: small;\">Jedna rem\u00edza a dv\u011b prohry &#8211; to je pro n\u00e1\u0161 odd\u00edl tak trochu ostuda. Douf\u00e1m, \u017ee p\u0159\u00ed\u0161t\u011b to bude lep\u0161\u00ed. V\u0161em d\u011bkuji za reprezentaci na\u0161eho odd\u00edlu.<\/span><\/p>\n","protected":false},"excerpt":{"rendered":"<p>Startovali: Aleksi Telv\u00e1k Patrik Balog Alexander Andrle Jakub Majzl Tren\u00e9r: Jan Balog Prvn\u00ed utk\u00e1n\u00ed : Aleksi Telv\u00e1k \u2013 K\u0159ivatec, Bc Plze\u0148 v\u00e1ha 39kg. N Velmi pr\u016fm\u011brn\u00fd v\u00fdkon, tak by se dal charakterizovat tento z\u00e1pas. Oba borci nic mimo\u0159\u00e1dn\u00e9ho nep\u0159edvedli. Po ukon\u010den\u00ed z\u00e1pasu jsme se dohodli s tren\u00e9rem BC Plze\u0148 panem Stachem, \u017ee ji\u017e tyto borce [&hellip;]<\/p>\n","protected":false},"author":1,"featured_media":0,"comment_status":"closed","ping_status":"open","sticky":false,"template":"","format":"standard","meta":{"footnotes":""},"categories":[7,3],"tags":[],"_links":{"self":[{"href":"http:\/\/palaestra.ecn.cz\/index.php?rest_route=\/wp\/v2\/posts\/247"}],"collection":[{"href":"http:\/\/palaestra.ecn.cz\/index.php?rest_route=\/wp\/v2\/posts"}],"about":[{"href":"http:\/\/palaestra.ecn.cz\/index.php?rest_route=\/wp\/v2\/types\/post"}],"author":[{"embeddable":true,"href":"http:\/\/palaestra.ecn.cz\/index.php?rest_route=\/wp\/v2\/users\/1"}],"replies":[{"embeddable":true,"href":"http:\/\/palaestra.ecn.cz\/index.php?rest_route=%2Fwp%2Fv2%2Fcomments&post=247"}],"version-history":[{"count":0,"href":"http:\/\/palaestra.ecn.cz\/index.php?rest_route=\/wp\/v2\/posts\/247\/revisions"}],"wp:attachment":[{"href":"http:\/\/palaestra.ecn.cz\/index.php?rest_route=%2Fwp%2Fv2%2Fmedia&parent=247"}],"wp:term":[{"taxonomy":"category","embeddable":true,"href":"http:\/\/palaestra.ecn.cz\/index.php?rest_route=%2Fwp%2Fv2%2Fcategories&post=247"},{"taxonomy":"post_tag","embeddable":true,"href":"http:\/\/palaestra.ecn.cz\/index.php?rest_route=%2Fwp%2Fv2%2Ftags&post=247"}],"curies":[{"name":"wp","href":"https:\/\/api.w.org\/{rel}","templated":true}]}}