{"id":245,"date":"2013-05-23T18:40:49","date_gmt":"2013-05-23T18:40:49","guid":{"rendered":"http:\/\/palaestra.mimochodem.info\/?p=245"},"modified":"2013-05-23T18:40:49","modified_gmt":"2013-05-23T18:40:49","slug":"dalsi-kolo-juniorske-ligy-v-rakovniku-poradane-mistnim-oddilem-dne-1-11-2008","status":"publish","type":"post","link":"http:\/\/palaestra.ecn.cz\/?p=245","title":{"rendered":"Dal\u0161\u00ed kolo juniorsk\u00e9 ligy v Rakovn\u00edku po\u0159\u00e1dan\u00e9 m\u00edstn\u00edm odd\u00edlem dne 1.11.2008."},"content":{"rendered":"<p><span style=\"color: #000000; font-family: Verdana; font-size: small;\"><b>Startovali:<br \/>\n<\/b>Aleksi Telv\u00e1k<br \/>\nPatrik Balog<br \/>\nAlexandr Andrle<br \/>\nSebasti\u00e1n Roch<\/span><\/p>\n<p><span style=\"color: #000000; font-family: Verdana; font-size: small;\"><b>Tren\u00e9r:<\/b> Jan Balog, Tom\u00e1\u0161 Poll\u00e1k <\/span><\/p>\n<p><span style=\"color: #000000; font-family: Verdana; font-size: small;\"><b>Prvn\u00ed utk\u00e1n\u00ed:<br \/>\nAleksi Telv\u00e1k \u2013 K\u0159ivanec BC Plze\u0148 v\u00e1ha 39kg. N<\/b><br \/>\nAleksi v tomto z\u00e1pase nijak nevynikal. Prvn\u00ed kolo byl sice lep\u0161\u00edm borcem, ov\u0161em zbytek z\u00e1pasu jen tak odsk\u00e1kal a nic zaj\u00edmav\u00e9ho, na n\u00e1m ji\u017e dob\u0159e zn\u00e1mem soupe\u0159e, nevymyslel. Pr\u016fm\u011brn\u00fd box, ze kter\u00e9ho nakonec byla rem\u00edza. Je t\u0159eba p\u0159idat na d\u016frazu a tvrdosti \u00faderu.<\/span><\/p>\n<p><span style=\"color: #000000; font-family: Verdana; font-size: small;\"><b>Druh\u00fd z\u00e1pas:<br \/>\nSebasti\u00e1n Roch \u2013Korona TZ Rakovn\u00edk v\u00e1ha 80kg. NB.<\/b><br \/>\nSebasti\u00e1n nastoupil v do sv\u00e9ho prvn\u00edho z\u00e1pasu a bylo to i zn\u00e1t. P\u0159\u00edli\u0161n\u00e1 nervozita a nekoncentrovanost &#8211; tak by se dali pojmenovat d\u016fvody na\u0161\u00ed prohry. Co se t\u00fd\u010de technick\u00e9ho pojet\u00ed, mus\u00edm kladn\u011b ohodnotit pr\u00e1ci p\u0159edn\u00ed ruky a tak\u00e9 zadn\u00edho kontru. Je nutno pracovat na zlep\u0161en\u00ed postaven\u00ed nohou a tak\u00e9 samotn\u00e9 pr\u00e1ci na nohou. Jinak velmi bojovn\u00e9 utk\u00e1n\u00ed, ze kter\u00e9ho si odn\u00e1\u0161\u00edme zaslou\u017eenou prohru.<\/span><\/p>\n<p><span style=\"color: #000000; font-family: Verdana; font-size: small;\">Patrik Balog, Alexandr Andrle v tomto kole nenalezli soupe\u0159e. <\/span><\/p>\n<p><span style=\"color: #000000; font-family: Verdana; font-size: small;\">V\u0161em d\u011bkuji za vzornou reprezentaci na\u0161eho odd\u00edlu.<\/span><\/p>\n","protected":false},"excerpt":{"rendered":"<p>Startovali: Aleksi Telv\u00e1k Patrik Balog Alexandr Andrle Sebasti\u00e1n Roch Tren\u00e9r: Jan Balog, Tom\u00e1\u0161 Poll\u00e1k Prvn\u00ed utk\u00e1n\u00ed: Aleksi Telv\u00e1k \u2013 K\u0159ivanec BC Plze\u0148 v\u00e1ha 39kg. N Aleksi v tomto z\u00e1pase nijak nevynikal. Prvn\u00ed kolo byl sice lep\u0161\u00edm borcem, ov\u0161em zbytek z\u00e1pasu jen tak odsk\u00e1kal a nic zaj\u00edmav\u00e9ho, na n\u00e1m ji\u017e dob\u0159e zn\u00e1mem soupe\u0159e, nevymyslel. Pr\u016fm\u011brn\u00fd box, [&hellip;]<\/p>\n","protected":false},"author":1,"featured_media":0,"comment_status":"closed","ping_status":"open","sticky":false,"template":"","format":"standard","meta":{"footnotes":""},"categories":[7,3],"tags":[],"_links":{"self":[{"href":"http:\/\/palaestra.ecn.cz\/index.php?rest_route=\/wp\/v2\/posts\/245"}],"collection":[{"href":"http:\/\/palaestra.ecn.cz\/index.php?rest_route=\/wp\/v2\/posts"}],"about":[{"href":"http:\/\/palaestra.ecn.cz\/index.php?rest_route=\/wp\/v2\/types\/post"}],"author":[{"embeddable":true,"href":"http:\/\/palaestra.ecn.cz\/index.php?rest_route=\/wp\/v2\/users\/1"}],"replies":[{"embeddable":true,"href":"http:\/\/palaestra.ecn.cz\/index.php?rest_route=%2Fwp%2Fv2%2Fcomments&post=245"}],"version-history":[{"count":0,"href":"http:\/\/palaestra.ecn.cz\/index.php?rest_route=\/wp\/v2\/posts\/245\/revisions"}],"wp:attachment":[{"href":"http:\/\/palaestra.ecn.cz\/index.php?rest_route=%2Fwp%2Fv2%2Fmedia&parent=245"}],"wp:term":[{"taxonomy":"category","embeddable":true,"href":"http:\/\/palaestra.ecn.cz\/index.php?rest_route=%2Fwp%2Fv2%2Fcategories&post=245"},{"taxonomy":"post_tag","embeddable":true,"href":"http:\/\/palaestra.ecn.cz\/index.php?rest_route=%2Fwp%2Fv2%2Ftags&post=245"}],"curies":[{"name":"wp","href":"https:\/\/api.w.org\/{rel}","templated":true}]}}