{"id":197,"date":"2013-05-23T14:39:31","date_gmt":"2013-05-23T14:39:31","guid":{"rendered":"http:\/\/palaestra.mimochodem.info\/?p=197"},"modified":"2013-05-23T14:39:31","modified_gmt":"2013-05-23T14:39:31","slug":"memorial-julia-thormy-konany-ve-dnech-1-2-prosince-2007","status":"publish","type":"post","link":"http:\/\/palaestra.ecn.cz\/?p=197","title":{"rendered":"Memori\u00e1l J\u00falia Thormy konan\u00fd ve dnech 1. &#8211; 2. prosince 2007"},"content":{"rendered":"<p><span style=\"color: #888888;\"><b><span style=\"font-family: Verdana; font-size: small;\"> <img decoding=\"async\" alt=\"\" src=\"http:\/\/www.palaestra.ecn.cz\/obrazy\/foto\/2007-12-03-b.jpg\" align=\"right\" border=\"1\" \/><span style=\"color: #000000;\">Memori\u00e1l J\u00falia Thormy konan\u00fd ve dnech 1. &#8211; 2. prosince 2007 <\/span><\/span><\/b><\/span><\/p>\n<p><span style=\"color: #000000;\"><b><span style=\"font-family: Verdana; font-size: small;\">Startovali: <\/span><\/b> <span style=\"font-family: Verdana; font-size: small;\"><br \/>\nJakub Majzel<br \/>\nAlexandr Andrle <\/span><\/span><\/p>\n<p><span style=\"color: #000000; font-family: Verdana; font-size: small;\">Tren\u00e9r: Jan Balog <\/span><\/p>\n<p><span style=\"color: #000000;\"><span style=\"text-decoration: underline;\"><b><span style=\"font-family: Verdana; font-size: small;\">Vy\u0159azovac\u00ed boje: <\/span> <\/b><\/span><span style=\"font-family: Verdana; font-size: small;\"><span style=\"text-decoration: underline;\"><br \/>\n<\/span><b>Alexandr Andrle- Ji\u0159\u00ed \u0160t\u00e1dler, Star Plze\u0148, do 50kg NB<br \/>\n<\/b>Sa\u0161a se opravdu sna\u017eil, bohu\u017eel to zku\u0161en\u00e9ho borce z Plzn\u011b nesta\u010dilo. Je nutn\u00e9 ov\u0161em podoknout, \u017ee Sa\u0161a odboxoval v\u0161echny 3 kola v pln\u00e9m tempo. T\u00edmto jej chci pochv\u00e1lit. Op\u011bt se prok\u00e1zalo, jak velkou nad\u011bj\u00ed pro n\u00e1s Sa\u0161a je. Je t\u0159eba nad\u00e1le pracovat na tvrdosti \u00fader\u016f. Jinak- z takticko-technick\u00e9ho hlediska- bylo v\u0161e OK. Prohr\u00e1li jsme pr\u00e1vem. <\/span><\/span><\/p>\n<p><span style=\"color: #000000;\"><b><span style=\"font-family: Verdana; font-size: small;\">Jakub Majzel- Karel Hejda, Ban\u00edk Sokolov, do 50kg. NB <\/span><\/b> <span style=\"font-family: Verdana; font-size: small;\"><br \/>\n3 kola zaj\u00edmav\u00e9 bitvy, ze kter\u00e9 jsme my ode\u0161li jako v\u00edt\u011bzov\u00e9. Kuba podal sv\u016fj standardn\u00ed v\u00fdkon. P\u0159esto\u017ee ji\u017e v minulosti tohoto soupe\u0159e porazil, p\u0159ekvapil m\u011b svou velkou nervozitou. Vyhr\u00e1li jsme pr\u00e1vem. <\/span><\/span><\/p>\n<p><span style=\"color: #000000;\"><b><span style=\"font-family: Verdana; font-size: small;\"> <img decoding=\"async\" alt=\"\" src=\"http:\/\/www.palaestra.ecn.cz\/obrazy\/foto\/2007-12-03-c.jpg\" align=\"left\" border=\"1\" hspace=\"10\" vspace=\"5\" \/><\/span><\/b><span style=\"text-decoration: underline;\"><b><span style=\"font-family: Verdana; font-size: small;\">Boj o 3. m\u00edsto <\/span> <\/b><\/span><b><span style=\"font-family: Verdana; font-size: small;\"><br \/>\nAlexandr Andrle \u2013 Karel Hejda, Ban\u00edk Sokolov, do 50 kg. NB<\/span><\/b><span style=\"font-family: Verdana; font-size: small;\"><br \/>\nT\u0159i kola p\u011bkn\u00e9ho z\u00e1pasu kde oba borci byli vyrovnan\u00ed. P\u0159esto o t\u0159i roky star\u0161\u00ed soupe\u0159 m\u011bl v z\u00e1v\u011bru v\u00edce sil a z\u00e1pas vyhr\u00e1l o dva body. Sa\u0161ovi sch\u00e1z\u00ed je\u0161t\u011b malinko zku\u0161enost\u00ed a bude k nepora\u017een\u00ed. Pochvala za bojovnost. Prohr\u00e1li jsme pr\u00e1vem.<br \/>\n<\/span><\/span><\/p>\n<p><span style=\"color: #000000;\"><b><span style=\"text-decoration: underline;\"><span style=\"font-family: Verdana; font-size: small;\">Fin\u00e1le:<\/span><\/span><\/b><span style=\"font-family: Verdana; font-size: small;\"><b><span style=\"text-decoration: underline;\"><br \/>\n<\/span>Jakub Majzel \u2013 Ji\u0159\u00ed \u0160t\u00e1dler, Star Plze\u0148, do 50 kg. NB<br \/>\n<\/b>Jakub se opravdu sna\u017eil ov\u0161em ten den to bylo m\u00e1lo. Tak trochu se d\u00e1 \u0159\u00edci, \u017ee Jakub byl a\u017e p\u0159\u00edli\u0161 stereotypn\u00ed. Nedok\u00e1zal na soupe\u0159e, kter\u00e9ho ji\u017e v minulosti porazil nic vymyslet. Pou\u0161t\u011bl se podle mne do zbyte\u010dn\u00fdch v\u00fdm\u011bn. V t\u011bch to v\u00fdm\u011bn\u00e1ch zbyte\u010dn\u011b inkasoval a rozhod\u010d\u00ed v\u017edy situaci posoudili o bod l\u00e9pe soupe\u0159i.Kuby mus\u00ed v\u00edc p\u0159em\u00fd\u0161let a v\u00edce sp\u00e1rovat se zku\u0161en\u00fdmi<br \/>\nborci. Prohr\u00e1li jsme pr\u00e1vem. <\/span><\/span><\/p>\n<p><span style=\"color: #000000; font-family: Verdana; font-size: small;\">Z tohoto turnaje si odv\u00e1\u017e\u00edme jedno st\u0159\u00edbro a jedno \u010dtvrt\u00e9 ohodnocen\u00e9 m\u00edsto. <b>V sobotu n\u00e1m je\u0161t\u011b ud\u011blal velkou radost Patrik Balog, kter\u00fd si p\u0159ivezl velk\u00fd poh\u00e1r za prvn\u00ed m\u00edsto z turnaje v D\u00e1nsku. <\/b><\/span><\/p>\n<p><span style=\"color: #000000; font-family: Verdana; font-size: small;\">V\u0161em moc d\u011bkuji za snahu a p\u0159edveden\u00e9 v\u00fdkony.<\/span><\/p>\n<p align=\"center\"><span style=\"color: #000000;\"><b><span style=\"font-family: Verdana; font-size: small;\"> <img decoding=\"async\" alt=\"\" src=\"http:\/\/www.palaestra.ecn.cz\/obrazy\/foto\/2007-12-03-a.jpg\" border=\"1\" hspace=\"10\" vspace=\"5\" \/><\/span><\/b><\/span><\/p>\n","protected":false},"excerpt":{"rendered":"<p>Memori\u00e1l J\u00falia Thormy konan\u00fd ve dnech 1. &#8211; 2. prosince 2007 Startovali: Jakub Majzel Alexandr Andrle Tren\u00e9r: Jan Balog Vy\u0159azovac\u00ed boje: Alexandr Andrle- Ji\u0159\u00ed \u0160t\u00e1dler, Star Plze\u0148, do 50kg NB Sa\u0161a se opravdu sna\u017eil, bohu\u017eel to zku\u0161en\u00e9ho borce z Plzn\u011b nesta\u010dilo. Je nutn\u00e9 ov\u0161em podoknout, \u017ee Sa\u0161a odboxoval v\u0161echny 3 kola v pln\u00e9m tempo. T\u00edmto [&hellip;]<\/p>\n","protected":false},"author":1,"featured_media":0,"comment_status":"closed","ping_status":"open","sticky":false,"template":"","format":"standard","meta":{"footnotes":""},"categories":[6,3],"tags":[],"_links":{"self":[{"href":"http:\/\/palaestra.ecn.cz\/index.php?rest_route=\/wp\/v2\/posts\/197"}],"collection":[{"href":"http:\/\/palaestra.ecn.cz\/index.php?rest_route=\/wp\/v2\/posts"}],"about":[{"href":"http:\/\/palaestra.ecn.cz\/index.php?rest_route=\/wp\/v2\/types\/post"}],"author":[{"embeddable":true,"href":"http:\/\/palaestra.ecn.cz\/index.php?rest_route=\/wp\/v2\/users\/1"}],"replies":[{"embeddable":true,"href":"http:\/\/palaestra.ecn.cz\/index.php?rest_route=%2Fwp%2Fv2%2Fcomments&post=197"}],"version-history":[{"count":0,"href":"http:\/\/palaestra.ecn.cz\/index.php?rest_route=\/wp\/v2\/posts\/197\/revisions"}],"wp:attachment":[{"href":"http:\/\/palaestra.ecn.cz\/index.php?rest_route=%2Fwp%2Fv2%2Fmedia&parent=197"}],"wp:term":[{"taxonomy":"category","embeddable":true,"href":"http:\/\/palaestra.ecn.cz\/index.php?rest_route=%2Fwp%2Fv2%2Fcategories&post=197"},{"taxonomy":"post_tag","embeddable":true,"href":"http:\/\/palaestra.ecn.cz\/index.php?rest_route=%2Fwp%2Fv2%2Ftags&post=197"}],"curies":[{"name":"wp","href":"https:\/\/api.w.org\/{rel}","templated":true}]}}