{"id":193,"date":"2013-05-23T14:37:45","date_gmt":"2013-05-23T14:37:45","guid":{"rendered":"http:\/\/palaestra.mimochodem.info\/?p=193"},"modified":"2013-05-23T14:37:45","modified_gmt":"2013-05-23T14:37:45","slug":"ucast-naseho-oddilu-na-celoslovenske-lize-v-trnave-konane-ve-dnech-10-11-11-2007","status":"publish","type":"post","link":"http:\/\/palaestra.ecn.cz\/?p=193","title":{"rendered":"\u00da\u010dast na\u0161eho odd\u00edlu na celoslovensk\u00e9 lize v Trnav\u011b konan\u00e9 ve dnech 10. &#8211; 11. 11. 2007"},"content":{"rendered":"<p><span style=\"color: #000000;\"><b><span style=\"font-family: Verdana; font-size: small;\"> <a href=\"http:\/\/www.palaestra.ecn.cz\/obrazy\/foto\/DSC_0295.jpg\" target=\"_blank\"><span style=\"color: #000000;\"> <img decoding=\"async\" loading=\"lazy\" alt=\"\" src=\"http:\/\/www.palaestra.ecn.cz\/obrazy\/foto\/DSC_0295-sm.jpg\" width=\"200\" height=\"132\" align=\"right\" border=\"1\" \/><\/span><\/a>\u00da\u010dast na\u0161eho odd\u00edlu na celoslovensk\u00e9 lize v Trnav\u011b konan\u00e9 ve dnech 10. &#8211; 11. 11. 2007<\/span><\/b><\/span><\/p>\n<p><span style=\"color: #000000; font-family: Verdana; font-size: small;\"><b>Startovali:<br \/>\n<\/b>Jakub Majzel<br \/>\nPatrik Balog<br \/>\nAlexandr Andrle <\/span><\/p>\n<p><span style=\"color: #000000; font-family: Verdana; font-size: small;\">Tren\u00e9r: Jan Balog <\/span><\/p>\n<p><span style=\"color: #000000; font-family: Verdana; font-size: small;\"><b>Prvn\u00ed den<\/b><\/span><\/p>\n<p><span style=\"color: #000000;\"><b><span style=\"font-family: Verdana; font-size: small;\">Jakub Majzel- Strako\u0161 BC Galanta, v\u00e1ha do 48kg RSC v prvn\u00edm kole <\/span><\/b> <span style=\"font-family: Verdana; font-size: small;\"><br \/>\nJakub nedal soupe\u0159i od prvn\u00ed chv\u00edle \u017e\u00e1dnou \u0161anci. Po 20s tvrd\u011b zas\u00e1hnul soupe\u0159e, kter\u00fd byl posl\u00e9ze po\u010d\u00edt\u00e1n. Rozhod\u010d\u00ed z\u00e1pas ukon\u010dil pro naprostou p\u0159evahu. <\/span><\/span><\/p>\n<p><span style=\"color: #000000;\"><b><span style=\"font-family: Verdana; font-size: small;\">Patrik Balog &#8211; Herzeg OBK Tom\u00e1\u0161kovo, v\u00e1ha do 50kg, RSC v prvn\u00edm kole <\/span><\/b> <span style=\"font-family: Verdana; font-size: small;\"><br \/>\nN\u00e1\u0161 borec s t\u00edmto soupe\u0159em ji\u017e boxoval minul\u00fd rok, kdy ho porazil. P\u0159evahu projevoval od sam\u00e9ho za\u010d\u00e1tku a po 30s boje soupe\u0159e trefil prav\u00fdm zved\u00e1kem, po kter\u00e9m byl soupe\u0159 po\u010d\u00edt\u00e1n. Ov\u0161em soupe\u0159 u\u017e nebyl schopen boje a o druh\u00e9m po\u010d\u00edt\u00e1n\u00ed rozhod\u010d\u00ed z\u00e1pas ukon\u010dil. <\/span><\/span><\/p>\n<p><span style=\"color: #000000;\"><b><span style=\"font-family: Verdana; font-size: small;\">Alexandr Andrle- Katri\u0148\u00e1k NSK Vranov, v\u00e1ha do 52kg, RSC ve druh\u00e9m kole <\/span><\/b> <span style=\"font-family: Verdana; font-size: small;\"><br \/>\nSa\u0161a tento z\u00e1pas zvl\u00e1dl na v\u00fdbornou, soupe\u0159 byl ve druh\u00e9m kole dvakr\u00e1t po\u010d\u00edt\u00e1n a z\u00e1pas byl ukon\u010den p\u0159ed\u010dasn\u011b. Pochvala za pr\u00e1ci p\u0159edn\u00ed ruky a poslechnut\u00ed pokyn\u016f tren\u00e9ru. <\/span><\/span><\/p>\n<p><span style=\"color: #000000;\"><b><span style=\"font-family: Verdana; font-size: small;\">Druh\u00fd den &#8211; fin\u00e1le <\/span> <\/b><\/span><\/p>\n<p><span style=\"color: #000000;\"><b><span style=\"font-family: Verdana; font-size: small;\"> <a href=\"http:\/\/www.palaestra.ecn.cz\/obrazy\/foto\/DSC_0209.jpg\" target=\"_blank\"><span style=\"color: #000000;\"> <img decoding=\"async\" loading=\"lazy\" alt=\"\" src=\"http:\/\/www.palaestra.ecn.cz\/obrazy\/foto\/DSC_0209-sm.jpg\" width=\"200\" height=\"132\" align=\"right\" border=\"1\" \/><\/span><\/a><\/span><\/b><span style=\"font-family: Verdana; font-size: small;\"><b>Jakub Majzel &#8211; Boleskei Czabu BC Kom\u00e1rno NB<br \/>\n<\/b>Dvojn\u00e1sobn\u00fd mistr Slovenska ten den na na\u0161eho Jakuba nem\u011bl. Jakub od prvn\u00edho kola jasn\u011b vedl, nenechal se do ni\u010deho vt\u00e1hnout, boxoval v klidu a s p\u0159ehledem. Jinak bojovn\u00fd soupe\u0159 se opravdu sna\u017eil zas\u00e1hnout na\u0161eho borce. Jakub velmi p\u011bkn\u011b povoloval a pou\u017e\u00edval zadn\u00ed kontr. Vyhr\u00e1li jsme zaslou\u017een\u011b. <\/span><\/span><\/p>\n<p><span style=\"color: #000000;\"><b><span style=\"font-family: Verdana; font-size: small;\">Patrik Balog &#8211; Auszten Czaba SKB Kom\u00e1rno NB <\/span><\/b><span style=\"font-family: Verdana; font-size: small;\"><br \/>\n3 kola prob\u00edhala v Patrikov\u011b re\u017eii. P\u00e1\u0165a projevoval naprostou p\u0159evahu. Pochvalu zaslou\u017e\u00ed obzvl\u00e1\u0161t\u011b za pr\u00e1ci nohou a za pou\u017e\u00edv\u00e1n\u00ed zadn\u00edho direktu, kter\u00fdm soupe\u0159e velmi \u010dist\u011b a nekompromisn\u011b zasahoval. V\u00fdhra o 15 bod\u016f toto jenom potvrzuje. <\/span><\/span><\/p>\n<p><span style=\"color: #000000;\"><b><span style=\"font-family: Verdana; font-size: small;\">Alexandr Andrle- Psotka Tomas BC Galanta NB<\/span><\/b><span style=\"font-family: Verdana; font-size: small;\"><br \/>\nSa\u0161a byl v prvn\u00edm kole zbyte\u010dn\u011b nerv\u00f3zn\u00ed, nechal soupe\u0159e pracovat uprost\u0159ed ringu a s\u00e1m l\u00e9tal kolem provaz\u016f. Ale uposlechl v\u00fdtku tren\u00e9ra a za\u010dal boxovat jako p\u0159ede\u0161l\u00fd den. Z\u00e1pas pot\u00e9 jasn\u011b vyhr\u00e1l o 10 bod\u016f. Pochvalu zaslou\u017e\u00ed Sa\u0161a za poslechnut\u00ed pokyn\u016f tren\u00e9ra. Je t\u0159eba zlep\u0161it pr\u00e1ci zadn\u00ed ruky a zv\u00fd\u0161it tvrdost \u00faderu. <\/span><\/span><\/p>\n<p align=\"center\"><span style=\"color: #000000;\"><b><span style=\"font-family: Verdana; font-size: small;\"> <a href=\"http:\/\/www.palaestra.ecn.cz\/obrazy\/foto\/DSC_0397.jpg\" target=\"_blank\"><span style=\"color: #000000;\"> <img decoding=\"async\" loading=\"lazy\" alt=\"\" src=\"http:\/\/www.palaestra.ecn.cz\/obrazy\/foto\/DSC_0397-sm.jpg\" width=\"200\" height=\"132\" border=\"1\" \/><\/span><\/a><\/span><\/b><\/span><\/p>\n<p><span style=\"color: #000000; font-family: Verdana; font-size: small;\">N\u00e1\u0161 odd\u00edl vyslal na tuto sout\u011b\u017e t\u0159i boxery, kte\u0159\u00ed odboxovali \u0161est z\u00e1pas\u016f. M\u00e1m obrovskou radost, \u017ee jsme v\u0161echny z\u00e1pasy vyhr\u00e1li. D\u00e1le chci pod\u011bkovat Filipu Rozto\u010dovi za to, \u017ee n\u00e1s odvezl do m\u00edsta kon\u00e1n\u00ed. Dal\u0161\u00ed d\u00edk pat\u0159\u00ed po\u0159\u00e1daj\u00edc\u00edmu odd\u00edlu, konkr\u00e9tn\u011b Brunu Hauerovi, kter\u00fd se o n\u00e1s velmi pe\u010dliv\u011b staral.<\/span><\/p>\n","protected":false},"excerpt":{"rendered":"<p>\u00da\u010dast na\u0161eho odd\u00edlu na celoslovensk\u00e9 lize v Trnav\u011b konan\u00e9 ve dnech 10. &#8211; 11. 11. 2007 Startovali: Jakub Majzel Patrik Balog Alexandr Andrle Tren\u00e9r: Jan Balog Prvn\u00ed den Jakub Majzel- Strako\u0161 BC Galanta, v\u00e1ha do 48kg RSC v prvn\u00edm kole Jakub nedal soupe\u0159i od prvn\u00ed chv\u00edle \u017e\u00e1dnou \u0161anci. Po 20s tvrd\u011b zas\u00e1hnul soupe\u0159e, kter\u00fd byl [&hellip;]<\/p>\n","protected":false},"author":1,"featured_media":0,"comment_status":"closed","ping_status":"open","sticky":false,"template":"","format":"standard","meta":{"footnotes":""},"categories":[6,3],"tags":[],"_links":{"self":[{"href":"http:\/\/palaestra.ecn.cz\/index.php?rest_route=\/wp\/v2\/posts\/193"}],"collection":[{"href":"http:\/\/palaestra.ecn.cz\/index.php?rest_route=\/wp\/v2\/posts"}],"about":[{"href":"http:\/\/palaestra.ecn.cz\/index.php?rest_route=\/wp\/v2\/types\/post"}],"author":[{"embeddable":true,"href":"http:\/\/palaestra.ecn.cz\/index.php?rest_route=\/wp\/v2\/users\/1"}],"replies":[{"embeddable":true,"href":"http:\/\/palaestra.ecn.cz\/index.php?rest_route=%2Fwp%2Fv2%2Fcomments&post=193"}],"version-history":[{"count":0,"href":"http:\/\/palaestra.ecn.cz\/index.php?rest_route=\/wp\/v2\/posts\/193\/revisions"}],"wp:attachment":[{"href":"http:\/\/palaestra.ecn.cz\/index.php?rest_route=%2Fwp%2Fv2%2Fmedia&parent=193"}],"wp:term":[{"taxonomy":"category","embeddable":true,"href":"http:\/\/palaestra.ecn.cz\/index.php?rest_route=%2Fwp%2Fv2%2Fcategories&post=193"},{"taxonomy":"post_tag","embeddable":true,"href":"http:\/\/palaestra.ecn.cz\/index.php?rest_route=%2Fwp%2Fv2%2Ftags&post=193"}],"curies":[{"name":"wp","href":"https:\/\/api.w.org\/{rel}","templated":true}]}}